{"id":1510,"date":"2022-05-14T11:07:27","date_gmt":"2022-05-14T11:07:27","guid":{"rendered":"https:\/\/vita-u.de\/?p=1510"},"modified":"2022-05-14T11:20:54","modified_gmt":"2022-05-14T11:20:54","slug":"kunstpioniere-ein-programm-zur-zeitgenoessischen-kunstforschung","status":"publish","type":"post","link":"https:\/\/u-all.de\/?p=1510","title":{"rendered":"Kunstpioniere \u2013 ein Programm zur zeitgen\u00f6ssischen Kunstforschung"},"content":{"rendered":"\n<p>Innovatives Kooperationsprogramm zwischen Schulen und Hamburger Kunstmuseen bzw. Ausstellungsh\u00e4usern<\/p>\n\n\n\n<p>Sch\u00fclerinnen und Sch\u00fcler aller Schulformen und Jahrgangsstufen setzen sich im Rahmen dieses Programms forschend, vermittelnd und kreativ mit zeitgen\u00f6ssischer Kunst und aktuellen Ausstellungen in Hamburger Museen und Galerien auseinander. Kinder und Jugendliche werden Kunstschaffende, Kunstreporter, Kunstvermittler, Kunstforscher und Ausstellungsmacher.<\/p>\n\n\n\n<p>Kunstpioniere erm\u00f6glicht m\u00f6glichst vielen Kindern und Jugendlichen eine forschende und kreative Auseinandersetzung mit aktueller Kunst, baut Barrieren zu Ausstellungsh\u00e4usern ab, schafft eine neue \u00d6ffentlichkeit f\u00fcr Sch\u00fclerarbeiten und st\u00e4rkt die Kommunikation zwischen Museum und Schule.<\/p>\n\n\n\n<h2 class=\"wp-block-heading\"><a href=\"https:\/\/www.kunstpioniere.de\" data-type=\"URL\" data-id=\"https:\/\/www.kunstpioniere.de\">ZUR WEBSITE<\/a><\/h2>\n\n\n\n<div class=\"wp-block-media-text alignwide is-stacked-on-mobile\"><figure class=\"wp-block-media-text__media\"><img loading=\"lazy\" decoding=\"async\" width=\"1024\" height=\"725\" src=\"http:\/\/u-all.de\/wp-content\/uploads\/2022\/05\/1-1024x725.jpg\" alt=\"\" class=\"wp-image-1491 size-full\" srcset=\"https:\/\/u-all.de\/wp-content\/uploads\/2022\/05\/1-1024x725.jpg 1024w, https:\/\/u-all.de\/wp-content\/uploads\/2022\/05\/1-300x213.jpg 300w, https:\/\/u-all.de\/wp-content\/uploads\/2022\/05\/1-768x544.jpg 768w, https:\/\/u-all.de\/wp-content\/uploads\/2022\/05\/1.jpg 1245w\" sizes=\"(max-width: 1024px) 100vw, 1024px\" \/><\/figure><div class=\"wp-block-media-text__content\">\n<pre id=\"tw-target-text\" class=\"wp-block-preformatted\">Wir sind von hier.\n18.05.2022 - 17:00\n\nStaatl. Fachschule f\u00fcr Sozialp\u00e4dagogik (BS21)\nMuseum f\u00fcr Hamburgische Geschichte<\/pre>\n<\/div><\/div>\n\n\n\n<div class=\"wp-block-media-text alignwide is-stacked-on-mobile\"><figure class=\"wp-block-media-text__media\"><img loading=\"lazy\" decoding=\"async\" width=\"1024\" height=\"725\" src=\"http:\/\/u-all.de\/wp-content\/uploads\/2022\/05\/2-1024x725.jpg\" alt=\"\" class=\"wp-image-1493 size-full\" srcset=\"https:\/\/u-all.de\/wp-content\/uploads\/2022\/05\/2-1024x725.jpg 1024w, https:\/\/u-all.de\/wp-content\/uploads\/2022\/05\/2-300x213.jpg 300w, https:\/\/u-all.de\/wp-content\/uploads\/2022\/05\/2-768x544.jpg 768w, https:\/\/u-all.de\/wp-content\/uploads\/2022\/05\/2.jpg 1245w\" sizes=\"(max-width: 1024px) 100vw, 1024px\" \/><\/figure><div class=\"wp-block-media-text__content\">\n<pre id=\"tw-target-text\" class=\"wp-block-preformatted\">Close Up. 125 Jahre Hamburger Film- und Kinogeschichten\n19.05.2022 - 10:30\n\nSchule Hirtenweg\nAltonaer Museum<\/pre>\n<\/div><\/div>\n\n\n\n<div class=\"wp-block-media-text alignwide is-stacked-on-mobile\"><figure class=\"wp-block-media-text__media\"><img loading=\"lazy\" decoding=\"async\" width=\"1024\" height=\"725\" src=\"http:\/\/u-all.de\/wp-content\/uploads\/2022\/05\/3-1-1024x725.jpg\" alt=\"\" class=\"wp-image-1495 size-full\" srcset=\"https:\/\/u-all.de\/wp-content\/uploads\/2022\/05\/3-1-1024x725.jpg 1024w, https:\/\/u-all.de\/wp-content\/uploads\/2022\/05\/3-1-300x213.jpg 300w, https:\/\/u-all.de\/wp-content\/uploads\/2022\/05\/3-1-768x544.jpg 768w, https:\/\/u-all.de\/wp-content\/uploads\/2022\/05\/3-1.jpg 1245w\" sizes=\"(max-width: 1024px) 100vw, 1024px\" \/><\/figure><div class=\"wp-block-media-text__content\">\n<pre id=\"tw-target-text\" class=\"wp-block-preformatted\">Wunderkammer \u2013 Spielen, Sammeln, Staunen\n19.05.2022 - 17:00\n\nSchule Alsterredder\nAltonaer Museum<\/pre>\n<\/div><\/div>\n\n\n\n<div class=\"wp-block-media-text alignwide is-stacked-on-mobile\"><figure class=\"wp-block-media-text__media\"><img loading=\"lazy\" decoding=\"async\" width=\"725\" height=\"495\" src=\"http:\/\/u-all.de\/wp-content\/uploads\/2022\/05\/Kunsthaus.jpeg\" alt=\"\" class=\"wp-image-1497 size-full\" srcset=\"https:\/\/u-all.de\/wp-content\/uploads\/2022\/05\/Kunsthaus.jpeg 725w, https:\/\/u-all.de\/wp-content\/uploads\/2022\/05\/Kunsthaus-300x205.jpeg 300w, https:\/\/u-all.de\/wp-content\/uploads\/2022\/05\/Kunsthaus-130x90.jpeg 130w\" sizes=\"(max-width: 725px) 100vw, 725px\" \/><\/figure><div class=\"wp-block-media-text__content\">\n<pre id=\"tw-target-text\" class=\"wp-block-preformatted\">Formafantasma\n01.07.2022 - 15:00\n\nIlse-L\u00f6wenstein-Schule\nKunsthaus Hamburg<\/pre>\n<\/div><\/div>\n\n\n\n<p><\/p>\n","protected":false},"excerpt":{"rendered":"<p>Innovatives Kooperationsprogramm zwischen Schulen und Hamburger Kunstmuseen bzw. Ausstellungsh\u00e4usern Sch\u00fclerinnen und Sch\u00fcler aller Schulformen und Jahrgangsstufen setzen sich im Rahmen dieses Programms forschend, vermittelnd und kreativ mit zeitgen\u00f6ssischer Kunst und aktuellen Ausstellungen in Hamburger Museen<\/p>\n","protected":false},"author":3,"featured_media":1499,"comment_status":"closed","ping_status":"closed","sticky":false,"template":"","format":"standard","meta":{"footnotes":""},"categories":[91,21,19,17,13],"tags":[],"_links":{"self":[{"href":"https:\/\/u-all.de\/index.php?rest_route=\/wp\/v2\/posts\/1510"}],"collection":[{"href":"https:\/\/u-all.de\/index.php?rest_route=\/wp\/v2\/posts"}],"about":[{"href":"https:\/\/u-all.de\/index.php?rest_route=\/wp\/v2\/types\/post"}],"author":[{"embeddable":true,"href":"https:\/\/u-all.de\/index.php?rest_route=\/wp\/v2\/users\/3"}],"replies":[{"embeddable":true,"href":"https:\/\/u-all.de\/index.php?rest_route=%2Fwp%2Fv2%2Fcomments&post=1510"}],"version-history":[{"count":2,"href":"https:\/\/u-all.de\/index.php?rest_route=\/wp\/v2\/posts\/1510\/revisions"}],"predecessor-version":[{"id":1521,"href":"https:\/\/u-all.de\/index.php?rest_route=\/wp\/v2\/posts\/1510\/revisions\/1521"}],"wp:featuredmedia":[{"embeddable":true,"href":"https:\/\/u-all.de\/index.php?rest_route=\/wp\/v2\/media\/1499"}],"wp:attachment":[{"href":"https:\/\/u-all.de\/index.php?rest_route=%2Fwp%2Fv2%2Fmedia&parent=1510"}],"wp:term":[{"taxonomy":"category","embeddable":true,"href":"https:\/\/u-all.de\/index.php?rest_route=%2Fwp%2Fv2%2Fcategories&post=1510"},{"taxonomy":"post_tag","embeddable":true,"href":"https:\/\/u-all.de\/index.php?rest_route=%2Fwp%2Fv2%2Ftags&post=1510"}],"curies":[{"name":"wp","href":"https:\/\/api.w.org\/{rel}","templated":true}]}}