{"id":739,"date":"2022-04-21T08:34:36","date_gmt":"2022-04-21T08:34:36","guid":{"rendered":"https:\/\/vita-u.de\/?p=739"},"modified":"2024-02-12T20:19:03","modified_gmt":"2024-02-12T19:19:03","slug":"zeichnung-dynamische-skizzen-lernen","status":"publish","type":"post","link":"https:\/\/u-all.de\/?p=739","title":{"rendered":"Zeichnung &#8211; dynamische Skizzen lernen"},"content":{"rendered":"\n<p>Person-Skizzen f\u00fcr Zeichner:innen verschiedener Niveaus. Ideal f\u00fcr Kunstsch\u00fcler:innen und Student:innen.<br>Wir werden uns gegenseitig in statischen und dynamischen Posen zeichnen, Bewegung und Dynamik der menschlichen Figur studieren. Wir beginnen mit der menschlichen Figur, und schauen gemeinsam, wohin sich der Kurs entwickeln wird. Am Ende jeder Stunde findet eine kleine Ausstellung statt.<br>Wir arbeiten in einer kleinen Gruppe von max. 7 Personen.<\/p>\n\n\n\n<hr class=\"wp-block-separator has-css-opacity is-style-wide\"\/>\n\n\n\n<figure class=\"wp-block-table\"><table><tbody><tr><td><strong>Alter<\/strong><\/td><td>ab 15 J.<\/td><\/tr><tr><td><strong>Wo<\/strong><\/td><td>die Information wird bearbeitet<\/td><\/tr><tr><td><strong>Wann<\/strong><\/td><td>die Information wird bearbeitet<\/td><\/tr><tr><td><strong>Kursbeginn<\/strong><\/td><td>die Information wird bearbeitet<\/td><\/tr><tr><td><strong>Freie Pl\u00e4tze<\/strong><\/td><td>die Information wird bearbeitet<\/td><\/tr><tr><td><strong>Sprache<\/strong><\/td><td>Deutsch<\/td><\/tr><tr><td><strong>Preis<\/strong><\/td><td>kostenlos <\/td><\/tr><\/tbody><\/table><\/figure>\n\n\n\n<hr class=\"wp-block-separator has-css-opacity is-style-wide\"\/>\n\n\n\n<h4 class=\"wp-block-heading\">Leitung:   <strong>Daria Reiin<\/strong><\/h4>\n\n\n\n<div class=\"wp-block-columns is-layout-flex wp-container-core-columns-layout-1 wp-block-columns-is-layout-flex\">\n<div class=\"wp-block-column is-layout-flow wp-block-column-is-layout-flow\" style=\"flex-basis:33.33%\">\n<figure class=\"wp-block-image size-full\"><img loading=\"lazy\" decoding=\"async\" width=\"716\" height=\"890\" src=\"http:\/\/u-all.de\/wp-content\/uploads\/2022\/04\/716x890-\u043f\u0440\u0438\u043c\u0435\u0440-\u043f\u043e\u0440\u0442\u0440\u0435\u0442-3.jpg\" alt=\"\" class=\"wp-image-742\" srcset=\"https:\/\/u-all.de\/wp-content\/uploads\/2022\/04\/716x890-\u043f\u0440\u0438\u043c\u0435\u0440-\u043f\u043e\u0440\u0442\u0440\u0435\u0442-3.jpg 716w, https:\/\/u-all.de\/wp-content\/uploads\/2022\/04\/716x890-\u043f\u0440\u0438\u043c\u0435\u0440-\u043f\u043e\u0440\u0442\u0440\u0435\u0442-3-241x300.jpg 241w\" sizes=\"(max-width: 716px) 100vw, 716px\" \/><\/figure>\n<\/div>\n\n\n\n<div class=\"wp-block-column is-layout-flow wp-block-column-is-layout-flow\" style=\"flex-basis:66.66%\">\n<p>Ich bin bildende K\u00fcnstlerin und bringe Erfahrung in diversen Bereichen mit: Zeichnung und Malerei, Illustration, Animation und Spieleentwicklung. Im Moment mache ich auch k\u00fcnstlerische T\u00e4towierungen, wobei jede Arbeit meine eigene und einzigartige Illustration ist.<br>Dynamik und Gleichgewicht sind f\u00fcr mich beim Zeichnen spannend und wichtig. Ich m\u00f6chte meine Sch\u00fcler dazu einladen, mit mir an dynamischen Zeichnungen zu arbeiten.<\/p>\n<\/div>\n<\/div>\n\n\n\n<div class=\"wp-block-columns is-layout-flex wp-container-core-columns-layout-2 wp-block-columns-is-layout-flex\"><\/div>\n","protected":false},"excerpt":{"rendered":"<p>Person-Skizzen f\u00fcr Zeichner:innen verschiedener Niveaus. Ideal f\u00fcr Kunstsch\u00fcler:innen und Student:innen.Wir werden uns gegenseitig in statischen und dynamischen Posen zeichnen, Bewegung und Dynamik der menschlichen Figur studieren. Wir beginnen mit der menschlichen Figur, und schauen gemeinsam,<\/p>\n","protected":false},"author":3,"featured_media":738,"comment_status":"closed","ping_status":"closed","sticky":false,"template":"","format":"standard","meta":{"footnotes":""},"categories":[21,19,86,15],"tags":[],"_links":{"self":[{"href":"https:\/\/u-all.de\/index.php?rest_route=\/wp\/v2\/posts\/739"}],"collection":[{"href":"https:\/\/u-all.de\/index.php?rest_route=\/wp\/v2\/posts"}],"about":[{"href":"https:\/\/u-all.de\/index.php?rest_route=\/wp\/v2\/types\/post"}],"author":[{"embeddable":true,"href":"https:\/\/u-all.de\/index.php?rest_route=\/wp\/v2\/users\/3"}],"replies":[{"embeddable":true,"href":"https:\/\/u-all.de\/index.php?rest_route=%2Fwp%2Fv2%2Fcomments&post=739"}],"version-history":[{"count":18,"href":"https:\/\/u-all.de\/index.php?rest_route=\/wp\/v2\/posts\/739\/revisions"}],"predecessor-version":[{"id":2015,"href":"https:\/\/u-all.de\/index.php?rest_route=\/wp\/v2\/posts\/739\/revisions\/2015"}],"wp:featuredmedia":[{"embeddable":true,"href":"https:\/\/u-all.de\/index.php?rest_route=\/wp\/v2\/media\/738"}],"wp:attachment":[{"href":"https:\/\/u-all.de\/index.php?rest_route=%2Fwp%2Fv2%2Fmedia&parent=739"}],"wp:term":[{"taxonomy":"category","embeddable":true,"href":"https:\/\/u-all.de\/index.php?rest_route=%2Fwp%2Fv2%2Fcategories&post=739"},{"taxonomy":"post_tag","embeddable":true,"href":"https:\/\/u-all.de\/index.php?rest_route=%2Fwp%2Fv2%2Ftags&post=739"}],"curies":[{"name":"wp","href":"https:\/\/api.w.org\/{rel}","templated":true}]}}